{"id":16,"date":"2007-07-09T10:58:17","date_gmt":"2007-07-09T08:58:17","guid":{"rendered":"http:\/\/www.buch-hoerbuch.de\/lesebefehl\/hamburger-hochbahn-von-ulf-erdmann-ziegler\/"},"modified":"2007-07-09T10:58:17","modified_gmt":"2007-07-09T08:58:17","slug":"hamburger-hochbahn-von-ulf-erdmann-ziegler","status":"publish","type":"post","link":"http:\/\/www.buch-hoerbuch.de\/?p=16","title":{"rendered":"Hamburger Hochbahn von Ulf Erdmann Ziegler"},"content":{"rendered":"<p><a href=\"http:\/\/www.buch-hoerbuch.de\/wp-content\/uploads\/2007\/07\/26483.jpg\" title=\"26483.jpg\"><img decoding=\"async\" src=\"http:\/\/www.buch-hoerbuch.de\/wp-content\/uploads\/2007\/07\/26483.thumbnail.jpg\" alt=\"26483.jpg\" \/><\/a><\/p>\n<p>Wer dieses Buch nicht liest, verpasst eines der gr\u00f6\u00dften Talente deutscher Gegenwartsliteratur. Seit <em>Morbus fonticuli oder Die Sehnsucht des Laien<\/em> von Frank Schulz ging kein Autor so virtuos mit Sprache um wie Ulf Erdmann Ziegler. Auch wenn <a href=\"http:\/\/www.perlentaucher.de\/buch\/26483.html\">das Feuilleton meint, Ziegler verstricke sich in Manierismen<\/a> rund um eine langweilige Geschichte (ja, ja, das Feuilleton &#8230;), <em>Hamburger Hochbahn<\/em> hat <a href=\"http:\/\/www.deutscher-buchpreis.de\">den Deutschen Buchpreis 2007<\/a> verdient. Keine Diskussion.<!--more--><\/p>\n<p>\u201eGemieden hatte ich Eberhard, einen Jungen mit einem verwachsenen Arm. Nie auch nur angesehen hatte ich D\u00f6rte Peters, eine kurz geratene Puppe mit Kr\u00e4uselhaaren, j\u00fcnger als ich. Befremdlich gewesen war mir Hans-J\u00fcrgen, der Name schon Ausweis eines Hangs zum \u00c4ltlichen. Nur fl\u00fcchtig gegr\u00fc\u00dft hatte ich Udo Schott, dessen aschblondes Haar zu einer Matte gewachsen war, die er regelm\u00e4\u00dfig aus dem Gesicht warf, damit sie auf dem Kragen seiner Jeansjacke nahezu h\u00f6rbar niederfiel. Und v\u00f6llig vorbeigesehen hatte ich an seiner schweigsamen Schwester Isabella.\u201c<\/p>\n<p>Dass D\u00f6rte Peters einige Wochen sp\u00e4ter Tom Schwarz\u2019 erstes Abenteuer wird, von dem er sp\u00e4ter sagen wird: \u201e&#8230; wenige Sekunden und man konnte sich nicht mehr vorstellen, ohne das zu leben\u201c, ahnt unser Held zu dieser Zeit noch nicht. Ebenso wenig, wie er sich vorstellen kann, dass Isabella, genannt Bella, ihm einige Jahre sp\u00e4ter ein Kind schenken wird. Und zwar im wahrsten Sinne des Wortes. Denn, auch das erkennt Tom erst, als seine Tochter Sandy eine junge Frau ist, nicht er ist der Vater, sondern sein Jugendfreund CPO, Claes Philip Osterkamp &#8230;<\/p>\n<p>Die Geschichte des Tom Schwarz, unseres Helden der Hamburger Hochbahn, nimmt ihren physischen Anfang und ihr prosaisches Ende in L\u00fcneburg. Der pubertierende Penn\u00e4ler besucht das Schulzentrum am Oedemer Berg und lernt dort D\u00f6rte, Bella, CPO und all die anderen kennen.<br \/>\nNach einem Jahr in Amerika studiert er Architektur. Vielleicht auch, weil er \u201ezur Kunst keinen Mut hat und Physik auf die Dauer zu anstrengend findet\u201c. Er bekommt einen Job in Hamburg und zeichnet sich fortan durch die Reihenhaussiedlungen Volksdorfs. (Schwarz\u2019 Leben in der Hansestadt als Mittdrei\u00dfiger nimmt den gr\u00f6\u00dften Erz\u00e4hlraum innerhalb des Buches ein.) Auf einer St\u00e4dtebauplanungssitzung lernt er Elise kennen, eine junge K\u00fcnstlerin. Mit ihr geht er nach Ohio, wo Elise eine zeitlich befristete Gastprofessur annimmt.<\/p>\n<p>Entscheidend ist nicht die Handlung der Erz\u00e4hlung, obwohl sie typisch ist f\u00fcr die Generation der jetzt 40j\u00e4hrigen. Denn auch sie erz\u00e4hlt vom Gro\u00dfwerden, von der Jugend, von der Liebe, von besten und verlorenen Freunden. Und wie nebenbei verwoben gibt sie, wissend und unterhaltsam, Einblicke in die Architektur- und Kunstgeschichte einer Klein- und einiger Gro\u00dfst\u00e4dte. Vor allem f\u00fcr Hamburgkenner ein gro\u00dfer Genu\u00df! Nein, entscheidend ist die Sprache. Edgar Bracht von Lesart fasst treffend zusammen: \u201eDas gr\u00f6\u00dfte Verdienst des Autors ist es aber, da\u00df er eine \u00e4sthetische Kategorie wieder erfahrbar macht, die dem falschen Authentizit\u00e4tskult v\u00f6llig entgegensteht: die der Eleganz. Vor allem in der ersten H\u00e4lfte seines Romans umwirbt er den Leser geradezu mit S\u00e4tzen, die Melodie und Rhythmus haben, mit gestochenen, zum Lautsprechen verf\u00fchrenden, funkelnden Formulierungen.\u201c Und in gewisser Weise hat dieser Stil auch einen erzieherischen Aspekt, denn er hebt den Anspruch an die eigene Schreiberei.<\/p>\n<p>Ulf Erdmann Ziegler ist Jahrgang 1959 und lebt in Frankfurt am Main. Der Autor hat neben Aufs\u00e4tzen zur Kunst und Gestaltung auch viele fotografische Arbeiten vorgelegt.<\/p>\n","protected":false},"excerpt":{"rendered":"<p>Wer dieses Buch nicht liest, verpasst eines der gr\u00f6\u00dften Talente deutscher Gegenwartsliteratur. Seit Morbus fonticuli oder Die Sehnsucht des Laien von Frank Schulz ging kein Autor so virtuos mit Sprache um wie Ulf Erdmann Ziegler. Auch wenn das Feuilleton meint, &hellip; <a href=\"http:\/\/www.buch-hoerbuch.de\/?p=16\">Weiterlesen <span class=\"meta-nav\">&rarr;<\/span><\/a><\/p>\n","protected":false},"author":1,"featured_media":0,"comment_status":"open","ping_status":"open","sticky":false,"template":"","format":"standard","meta":{"footnotes":""},"categories":[1,7],"tags":[50],"_links":{"self":[{"href":"http:\/\/www.buch-hoerbuch.de\/index.php?rest_route=\/wp\/v2\/posts\/16"}],"collection":[{"href":"http:\/\/www.buch-hoerbuch.de\/index.php?rest_route=\/wp\/v2\/posts"}],"about":[{"href":"http:\/\/www.buch-hoerbuch.de\/index.php?rest_route=\/wp\/v2\/types\/post"}],"author":[{"embeddable":true,"href":"http:\/\/www.buch-hoerbuch.de\/index.php?rest_route=\/wp\/v2\/users\/1"}],"replies":[{"embeddable":true,"href":"http:\/\/www.buch-hoerbuch.de\/index.php?rest_route=%2Fwp%2Fv2%2Fcomments&post=16"}],"version-history":[{"count":0,"href":"http:\/\/www.buch-hoerbuch.de\/index.php?rest_route=\/wp\/v2\/posts\/16\/revisions"}],"wp:attachment":[{"href":"http:\/\/www.buch-hoerbuch.de\/index.php?rest_route=%2Fwp%2Fv2%2Fmedia&parent=16"}],"wp:term":[{"taxonomy":"category","embeddable":true,"href":"http:\/\/www.buch-hoerbuch.de\/index.php?rest_route=%2Fwp%2Fv2%2Fcategories&post=16"},{"taxonomy":"post_tag","embeddable":true,"href":"http:\/\/www.buch-hoerbuch.de\/index.php?rest_route=%2Fwp%2Fv2%2Ftags&post=16"}],"curies":[{"name":"wp","href":"https:\/\/api.w.org\/{rel}","templated":true}]}}