{"id":86,"date":"2008-11-04T12:37:26","date_gmt":"2008-11-04T10:37:26","guid":{"rendered":"http:\/\/www.buch-hoerbuch.de\/?p=86"},"modified":"2008-11-04T12:37:26","modified_gmt":"2008-11-04T10:37:26","slug":"joan-didion-das-jahr-magischen-denkens","status":"publish","type":"post","link":"http:\/\/www.buch-hoerbuch.de\/?p=86","title":{"rendered":"Joan Didion: Das Jahr magischen Denkens"},"content":{"rendered":"<p><!--[if gte mso 9]><xml> <w:WordDocument> <w:View>Normal<\/w:View> <w:Zoom>0<\/w:Zoom> <w:HyphenationZone>21<\/w:HyphenationZone> <w:DoNotOptimizeForBrowser \/> <\/w:WordDocument> <\/xml><![endif]--><\/p>\n<p class=\"MsoBodyText\"><a href=\"http:\/\/www.buch-hoerbuch.de\/wp-content\/uploads\/2008\/11\/didion.jpg\"><img loading=\"lazy\" decoding=\"async\" class=\"aligncenter size-thumbnail wp-image-87\" title=\"didion\" src=\"http:\/\/www.buch-hoerbuch.de\/wp-content\/uploads\/2008\/11\/didion-150x150.jpg\" alt=\"\" width=\"150\" height=\"150\" \/><\/a><\/p>\n<p><!--[if gte mso 9]><xml> <w:WordDocument> <w:View>Normal<\/w:View> <w:Zoom>0<\/w:Zoom> <w:HyphenationZone>21<\/w:HyphenationZone> <w:DoNotOptimizeForBrowser \/> <\/w:WordDocument> <\/xml><![endif]--><\/p>\n<p class=\"MsoNormal\">&#8222;Das Jahr magischen Denkens&#8220; beginnt damit, dass John Gregory Dunne, der Mann, mit dem die Journalistin und Autorin Joan Didion seit 40 Jahren verheiratet ist, in der gemeinsamen Wohnung stirbt. Schon seit l\u00e4ngerer Zeit hat er mit Herzproblemen gek\u00e4mpft; dennoch f\u00fchlt sich die Autorin von seinem Tod komplett \u00fcberrascht und aus der Bahn geworfen. In dem Buch beschreibt sie, wie aus dieser Ersch\u00fctterung im Jahr danach nur sehr z\u00f6gernd Akzeptanz wird.<\/p>\n<p class=\"MsoNormal\"><span>Zun\u00e4chst einmal lese ich sehr pers\u00f6nliche, direkte und dadurch eindringliche Schilderungen ihrer Trauer. Es sind Beschreibungen grotesker und hilfloser <em>(aber letztlich vielen Trauernden vertrauter)<\/em> Gedanken und Darstellungen des langen Weges zum allm\u00e4hlichen Loslassen. Ich bekomme die Wellen des Schmerzes beschrieben, die mir noch plastischer werden, wenn Didion anhand von Anekdoten illustriert, wie nah sich die beiden standen, wie symbiotisch und aufrichtig ihre Beziehung war.<!--more--><\/span><\/p>\n<p class=\"MsoNormal\"><span>Dieses Buch kann aber anhand der konkreten Geschichte auch gro\u00dfe Fragen f\u00fcr solche Leser aufwerfen, die selbst noch nie die Erfahrung des Todes geliebter Menschen machen mussten. Denn es ist auch eine ganz allgemeine Aufwerfung der Frage, warum die westliche Gesellschaft den Tod derart tabuisiert, warum im Zusammenhang damit so oft \u201eTapferkeit\u201c und m\u00f6glichst stilles <em>(und schnell \u00fcberwundenes)<\/em> Leiden der Hinterbliebenen gelobt wird. <\/span><\/p>\n<p><span>Die Lekt\u00fcre dieses Buches k\u00f6nnte also sowohl Trost, Unterst\u00fctzung und Anregungen f\u00fcr Trauernde bieten, als auch zu genereller Auseinandersetzung mit dem m\u00f6glichen Tod nahestehender Menschen ermuntern. Letzteres f\u00fchrt im Idealfall zu ganz bewusstem Erleben dieser Beziehungen und m\u00fcndet in besonderer Lebensfreude, Zuversicht und Wertsch\u00e4tzung kleiner und gr\u00f6\u00dferer Gl\u00fccksmomente.<\/span><\/p>\n<p><span>Bin ich jetzt schon in die Falle getappt und ein wenig zu pathetisch geworden? Joan Didion ist das in diesem Buch jedenfalls nicht passiert. Obwohl derart pers\u00f6nliche Literatur ja sehr schnell auch einen \u00fcber-sentimentalen Pathos-Haken bekommen kann. Aber die Autorin schafft mit einer gewissen N\u00fcchternheit und Ehrlichkeit, dass das Buch nie zu peinlicher Selbstmitleidsliteratur wird.<\/span><\/p>\n<p><span>Auch zeigt &#8222;Das Jahr magischen Denkens&#8220;, wie die hoch gebildete Denkerin Joan Didion ihren Weg aus der Krise ganz selbstverst\u00e4ndlich \u00fcber die <strong>intellektuelle<\/strong> Auseinandersetzung <em>(Was genau ist dem Sterbenden passiert? \u2013 Was genau passiert gerade mit mir? Was sagen Poesie und Fachliteratur, was C.S.Lewis und Freud dazu?)<\/em> geht, wie sie Analysen sucht und Gleichnisse. Und wie sehr ihr dieses Forschen und Denken eine Unterst\u00fctzung beim \u201e\u00dcberleben\u201c ist, wenn auch nicht das Allheilmittel.<\/span><\/p>\n<ul type=\"disc\">\n<li class=\"MsoNormal\"><strong><span>dazu h\u00f6ren<\/span><\/strong><span>:      \u201eSaturday\u201c von <a href=\"http:\/\/www.myspace.com\/electrelane\">Electrelane<\/a><\/span><\/li>\n<li class=\"MsoNormal\"><strong><span>dazu ansehen<\/span><\/strong><span>:      Joan Didion und Vanessa Redgrave \u00fcber die Theater-Adaption des Buches am      Broadway: <\/span><a href=\"http:\/\/www.youtube.com\/watch?v=sPqj3g3Rabw\" target=\"_blank\">youtube<\/a><object width=\"425\" height=\"344\" data=\"http:\/\/www.youtube.com\/v\/sPqj3g3Rabw&amp;hl=en&amp;fs=1\" type=\"application\/x-shockwave-flash\"><param name=\"allowFullScreen\" value=\"true\" \/><param name=\"allowscriptaccess\" value=\"always\" \/><param name=\"src\" value=\"http:\/\/www.youtube.com\/v\/sPqj3g3Rabw&amp;hl=en&amp;fs=1\" \/><param name=\"allowfullscreen\" value=\"true\" \/><\/object><\/li>\n<\/ul>\n<p class=\"MsoNormal\"><!--[if !supportEmptyParas]--> <!--[endif]--><\/p>\n","protected":false},"excerpt":{"rendered":"<p>&#8222;Das Jahr magischen Denkens&#8220; beginnt damit, dass John Gregory Dunne, der Mann, mit dem die Journalistin und Autorin Joan Didion seit 40 Jahren verheiratet ist, in der gemeinsamen Wohnung stirbt. Schon seit l\u00e4ngerer Zeit hat er mit Herzproblemen gek\u00e4mpft; dennoch &hellip; <a href=\"http:\/\/www.buch-hoerbuch.de\/?p=86\">Weiterlesen <span class=\"meta-nav\">&rarr;<\/span><\/a><\/p>\n","protected":false},"author":1,"featured_media":0,"comment_status":"open","ping_status":"open","sticky":false,"template":"","format":"standard","meta":{"footnotes":""},"categories":[1,7],"tags":[29,44],"_links":{"self":[{"href":"http:\/\/www.buch-hoerbuch.de\/index.php?rest_route=\/wp\/v2\/posts\/86"}],"collection":[{"href":"http:\/\/www.buch-hoerbuch.de\/index.php?rest_route=\/wp\/v2\/posts"}],"about":[{"href":"http:\/\/www.buch-hoerbuch.de\/index.php?rest_route=\/wp\/v2\/types\/post"}],"author":[{"embeddable":true,"href":"http:\/\/www.buch-hoerbuch.de\/index.php?rest_route=\/wp\/v2\/users\/1"}],"replies":[{"embeddable":true,"href":"http:\/\/www.buch-hoerbuch.de\/index.php?rest_route=%2Fwp%2Fv2%2Fcomments&post=86"}],"version-history":[{"count":0,"href":"http:\/\/www.buch-hoerbuch.de\/index.php?rest_route=\/wp\/v2\/posts\/86\/revisions"}],"wp:attachment":[{"href":"http:\/\/www.buch-hoerbuch.de\/index.php?rest_route=%2Fwp%2Fv2%2Fmedia&parent=86"}],"wp:term":[{"taxonomy":"category","embeddable":true,"href":"http:\/\/www.buch-hoerbuch.de\/index.php?rest_route=%2Fwp%2Fv2%2Fcategories&post=86"},{"taxonomy":"post_tag","embeddable":true,"href":"http:\/\/www.buch-hoerbuch.de\/index.php?rest_route=%2Fwp%2Fv2%2Ftags&post=86"}],"curies":[{"name":"wp","href":"https:\/\/api.w.org\/{rel}","templated":true}]}}